{"id":3175,"date":"2026-03-18T10:33:49","date_gmt":"2026-03-18T13:33:49","guid":{"rendered":"https:\/\/novasantarosa.pr.gov.br\/cultura\/?p=3175"},"modified":"2026-04-02T08:21:29","modified_gmt":"2026-04-02T11:21:29","slug":"realizacao-da-iv-conferencia-municipal-de-cultura","status":"publish","type":"post","link":"https:\/\/novasantarosa.pr.gov.br\/cultura\/noticias\/aconteceu-na-cultura\/realizacao-da-iv-conferencia-municipal-de-cultura\/","title":{"rendered":"Abertura da IV Confer\u00eancia Municipal de Cultura"},"content":{"rendered":"<div class=\"xdj266r x14z9mp xat24cr x1lziwak x1vvkbs x126k92a\">\n<div dir=\"auto\">H\u00e1 pouco, no Teatro Municipal Gustavo Fischer, foi realizada a solenidade de abertura da IV Confer\u00eancia Municipal de Cultura. Com o tema \u201cPlanejamento, participa\u00e7\u00e3o e os rumos da cultura em Nova Santa Rosa\u201d, o evento re\u00fane a comunidade para dialogar sobre o presente e o futuro das pol\u00edticas culturais do munic\u00edpio. Parte dos integrantes da Banda Marcial, abrilhantou o evento, com uma bel\u00edssima apresenta\u00e7\u00e3o.<\/div>\n<\/div>\n<div class=\"x14z9mp xat24cr x1lziwak x1vvkbs xtlvy1s x126k92a\">\n<div dir=\"auto\">A mesa de honra foi composta pela secret\u00e1ria de Administra\u00e7\u00e3o e Planejamento, Leila Seyboth (representando o prefeito Lari Hitz), pela secret\u00e1ria de Educa\u00e7\u00e3o e Cultura, Vera L\u00facia Lorenzatto, pela diretora de Cultura, Fernda Ba\u00fa, e pela presidente do Conselho de Pol\u00edtica Culturais, Carla Patr\u00edcia Sch\u00fctz Henz.<\/div>\n<\/div>\n<div class=\"x14z9mp xat24cr x1lziwak x1vvkbs xtlvy1s x126k92a\">\n<div dir=\"auto\">Logo ap\u00f3s, foi realizada a elei\u00e7\u00e3o da nova representa\u00e7\u00e3o do Conselho Municipal de Pol\u00edticas Culturais para o bi\u00eanio 2026-2028.<\/div>\n<\/div>\n<div class=\"x14z9mp xat24cr x1lziwak x1vvkbs xtlvy1s x126k92a\">\n<div dir=\"auto\">Aberta a toda a comunidade, a confer\u00eancia \u00e9 uma realiza\u00e7\u00e3o da Prefeitura de Nova Santa Rosa, por meio do Departamento de Cultura, em conjunto com o Conselho Municipal de Pol\u00edticas Culturais.<\/div>\n<\/div>\n<div class=\"x14z9mp xat24cr x1lziwak x1vvkbs xtlvy1s x126k92a\">\n<div dir=\"auto\">\n<p>O objetivo \u00e9 reunir poder p\u00fablico, sociedade civil, entidades e agentes culturais para discutir propostas, avaliar a\u00e7\u00f5es e fortalecer a cultura em nosso munic\u00edpio.<\/p>\n<div id='gallery-1' class='gallery galleryid-3175 gallery-columns-3 gallery-size-thumbnail'><figure class='gallery-item'>\n\t\t\t<div class='gallery-icon landscape'>\n\t\t\t\t<a href='https:\/\/novasantarosa.pr.gov.br\/cultura\/noticias\/aconteceu-na-cultura\/realizacao-da-iv-conferencia-municipal-de-cultura\/attachment\/fotos-conferencia\/'><img loading=\"lazy\" decoding=\"async\" width=\"150\" height=\"150\" src=\"https:\/\/novasantarosa.pr.gov.br\/cultura\/wp-content\/uploads\/2026\/03\/fotos-conferencia-150x150.jpg\" class=\"attachment-thumbnail size-thumbnail\" alt=\"\" \/><\/a>\n\t\t\t<\/div><\/figure><figure class='gallery-item'>\n\t\t\t<div class='gallery-icon landscape'>\n\t\t\t\t<a href='https:\/\/novasantarosa.pr.gov.br\/cultura\/noticias\/aconteceu-na-cultura\/realizacao-da-iv-conferencia-municipal-de-cultura\/attachment\/651404241_122161778036707697_5319424378860530054_n\/'><img loading=\"lazy\" decoding=\"async\" width=\"150\" height=\"150\" src=\"https:\/\/novasantarosa.pr.gov.br\/cultura\/wp-content\/uploads\/2026\/03\/651404241_122161778036707697_5319424378860530054_n-150x150.jpg\" class=\"attachment-thumbnail size-thumbnail\" alt=\"\" \/><\/a>\n\t\t\t<\/div><\/figure><figure class='gallery-item'>\n\t\t\t<div class='gallery-icon landscape'>\n\t\t\t\t<a href='https:\/\/novasantarosa.pr.gov.br\/cultura\/noticias\/aconteceu-na-cultura\/realizacao-da-iv-conferencia-municipal-de-cultura\/attachment\/651788063_122161778144707697_8962114616768895590_n\/'><img loading=\"lazy\" decoding=\"async\" width=\"150\" height=\"150\" src=\"https:\/\/novasantarosa.pr.gov.br\/cultura\/wp-content\/uploads\/2026\/03\/651788063_122161778144707697_8962114616768895590_n-150x150.jpg\" class=\"attachment-thumbnail size-thumbnail\" alt=\"\" \/><\/a>\n\t\t\t<\/div><\/figure><figure class='gallery-item'>\n\t\t\t<div class='gallery-icon landscape'>\n\t\t\t\t<a href='https:\/\/novasantarosa.pr.gov.br\/cultura\/noticias\/aconteceu-na-cultura\/realizacao-da-iv-conferencia-municipal-de-cultura\/attachment\/651205471_122161778150707697_7370835289762036912_n\/'><img loading=\"lazy\" decoding=\"async\" width=\"150\" height=\"150\" src=\"https:\/\/novasantarosa.pr.gov.br\/cultura\/wp-content\/uploads\/2026\/03\/651205471_122161778150707697_7370835289762036912_n-150x150.jpg\" class=\"attachment-thumbnail size-thumbnail\" alt=\"\" \/><\/a>\n\t\t\t<\/div><\/figure><figure class='gallery-item'>\n\t\t\t<div class='gallery-icon landscape'>\n\t\t\t\t<a href='https:\/\/novasantarosa.pr.gov.br\/cultura\/noticias\/aconteceu-na-cultura\/realizacao-da-iv-conferencia-municipal-de-cultura\/attachment\/651704708_122161778078707697_5195664875938999862_n-2\/'><img loading=\"lazy\" decoding=\"async\" width=\"150\" height=\"150\" src=\"https:\/\/novasantarosa.pr.gov.br\/cultura\/wp-content\/uploads\/2026\/03\/651704708_122161778078707697_5195664875938999862_n-1-150x150.jpg\" class=\"attachment-thumbnail size-thumbnail\" alt=\"\" \/><\/a>\n\t\t\t<\/div><\/figure><figure class='gallery-item'>\n\t\t\t<div class='gallery-icon landscape'>\n\t\t\t\t<a href='https:\/\/novasantarosa.pr.gov.br\/cultura\/noticias\/aconteceu-na-cultura\/realizacao-da-iv-conferencia-municipal-de-cultura\/attachment\/651850401_122161778090707697_5904856436593037251_n\/'><img loading=\"lazy\" decoding=\"async\" width=\"150\" height=\"150\" src=\"https:\/\/novasantarosa.pr.gov.br\/cultura\/wp-content\/uploads\/2026\/03\/651850401_122161778090707697_5904856436593037251_n-150x150.jpg\" class=\"attachment-thumbnail size-thumbnail\" alt=\"\" \/><\/a>\n\t\t\t<\/div><\/figure><figure class='gallery-item'>\n\t\t\t<div class='gallery-icon landscape'>\n\t\t\t\t<a href='https:\/\/novasantarosa.pr.gov.br\/cultura\/noticias\/aconteceu-na-cultura\/realizacao-da-iv-conferencia-municipal-de-cultura\/attachment\/651894365_122161778048707697_6080056084504316265_n\/'><img loading=\"lazy\" decoding=\"async\" width=\"150\" height=\"150\" src=\"https:\/\/novasantarosa.pr.gov.br\/cultura\/wp-content\/uploads\/2026\/03\/651894365_122161778048707697_6080056084504316265_n-150x150.jpg\" class=\"attachment-thumbnail size-thumbnail\" alt=\"\" \/><\/a>\n\t\t\t<\/div><\/figure>\n\t\t<\/div>\n\n<\/div>\n<\/div>\n","protected":false},"excerpt":{"rendered":"<p>H\u00e1 pouco, no Teatro Municipal Gustavo Fischer, foi realizada a solenidade de abertura da IV Confer\u00eancia Municipal de Cultura. Com o tema \u201cPlanejamento, participa\u00e7\u00e3o e os rumos da cultura em [&hellip;]<\/p>\n","protected":false},"author":3,"featured_media":3070,"comment_status":"closed","ping_status":"closed","sticky":false,"template":"","format":"standard","meta":{"tdm_status":"","tdm_grid_status":"","footnotes":""},"categories":[203],"tags":[],"class_list":["post-3175","post","type-post","status-publish","format-standard","has-post-thumbnail","category-aconteceu-na-cultura"],"_links":{"self":[{"href":"https:\/\/novasantarosa.pr.gov.br\/cultura\/wp-json\/wp\/v2\/posts\/3175","targetHints":{"allow":["GET"]}}],"collection":[{"href":"https:\/\/novasantarosa.pr.gov.br\/cultura\/wp-json\/wp\/v2\/posts"}],"about":[{"href":"https:\/\/novasantarosa.pr.gov.br\/cultura\/wp-json\/wp\/v2\/types\/post"}],"author":[{"embeddable":true,"href":"https:\/\/novasantarosa.pr.gov.br\/cultura\/wp-json\/wp\/v2\/users\/3"}],"replies":[{"embeddable":true,"href":"https:\/\/novasantarosa.pr.gov.br\/cultura\/wp-json\/wp\/v2\/comments?post=3175"}],"version-history":[{"count":3,"href":"https:\/\/novasantarosa.pr.gov.br\/cultura\/wp-json\/wp\/v2\/posts\/3175\/revisions"}],"predecessor-version":[{"id":3199,"href":"https:\/\/novasantarosa.pr.gov.br\/cultura\/wp-json\/wp\/v2\/posts\/3175\/revisions\/3199"}],"wp:featuredmedia":[{"embeddable":true,"href":"https:\/\/novasantarosa.pr.gov.br\/cultura\/wp-json\/wp\/v2\/media\/3070"}],"wp:attachment":[{"href":"https:\/\/novasantarosa.pr.gov.br\/cultura\/wp-json\/wp\/v2\/media?parent=3175"}],"wp:term":[{"taxonomy":"category","embeddable":true,"href":"https:\/\/novasantarosa.pr.gov.br\/cultura\/wp-json\/wp\/v2\/categories?post=3175"},{"taxonomy":"post_tag","embeddable":true,"href":"https:\/\/novasantarosa.pr.gov.br\/cultura\/wp-json\/wp\/v2\/tags?post=3175"}],"curies":[{"name":"wp","href":"https:\/\/api.w.org\/{rel}","templated":true}]}}