{"id":3187,"date":"2026-03-19T17:05:26","date_gmt":"2026-03-19T20:05:26","guid":{"rendered":"https:\/\/novasantarosa.pr.gov.br\/cultura\/?p=3187"},"modified":"2026-03-19T17:08:40","modified_gmt":"2026-03-19T20:08:40","slug":"iv-conferencia-municipal-de-cultura-5","status":"publish","type":"post","link":"https:\/\/novasantarosa.pr.gov.br\/cultura\/noticias\/aconteceu-na-cultura\/iv-conferencia-municipal-de-cultura-5\/","title":{"rendered":"Realiza\u00e7\u00e3o da IV Confer\u00eancia Municipal de Cultura"},"content":{"rendered":"<p>A<\/p>\n<div id='gallery-1' class='gallery galleryid-3187 gallery-columns-3 gallery-size-thumbnail'><figure class='gallery-item'>\n\t\t\t<div class='gallery-icon portrait'>\n\t\t\t\t<a href='https:\/\/novasantarosa.pr.gov.br\/cultura\/noticias\/aconteceu-na-cultura\/iv-conferencia-municipal-de-cultura-5\/attachment\/whatsapp-image-2026-03-19-at-17-02-55\/'><img loading=\"lazy\" decoding=\"async\" width=\"150\" height=\"150\" src=\"https:\/\/novasantarosa.pr.gov.br\/cultura\/wp-content\/uploads\/2026\/03\/WhatsApp-Image-2026-03-19-at-17.02.55-150x150.jpeg\" class=\"attachment-thumbnail size-thumbnail\" alt=\"\" \/><\/a>\n\t\t\t<\/div><\/figure><figure class='gallery-item'>\n\t\t\t<div class='gallery-icon portrait'>\n\t\t\t\t<a href='https:\/\/novasantarosa.pr.gov.br\/cultura\/noticias\/aconteceu-na-cultura\/iv-conferencia-municipal-de-cultura-5\/attachment\/whatsapp-image-2026-03-19-at-17-02-54-3\/'><img loading=\"lazy\" decoding=\"async\" width=\"150\" height=\"150\" src=\"https:\/\/novasantarosa.pr.gov.br\/cultura\/wp-content\/uploads\/2026\/03\/WhatsApp-Image-2026-03-19-at-17.02.54-3-150x150.jpeg\" class=\"attachment-thumbnail size-thumbnail\" alt=\"\" \/><\/a>\n\t\t\t<\/div><\/figure><figure class='gallery-item'>\n\t\t\t<div class='gallery-icon portrait'>\n\t\t\t\t<a href='https:\/\/novasantarosa.pr.gov.br\/cultura\/noticias\/aconteceu-na-cultura\/iv-conferencia-municipal-de-cultura-5\/attachment\/whatsapp-image-2026-03-19-at-17-02-54-2\/'><img loading=\"lazy\" decoding=\"async\" width=\"150\" height=\"150\" src=\"https:\/\/novasantarosa.pr.gov.br\/cultura\/wp-content\/uploads\/2026\/03\/WhatsApp-Image-2026-03-19-at-17.02.54-2-150x150.jpeg\" class=\"attachment-thumbnail size-thumbnail\" alt=\"\" \/><\/a>\n\t\t\t<\/div><\/figure><figure class='gallery-item'>\n\t\t\t<div class='gallery-icon portrait'>\n\t\t\t\t<a href='https:\/\/novasantarosa.pr.gov.br\/cultura\/noticias\/aconteceu-na-cultura\/iv-conferencia-municipal-de-cultura-5\/attachment\/whatsapp-image-2026-03-19-at-17-02-54-1\/'><img loading=\"lazy\" decoding=\"async\" width=\"150\" height=\"150\" src=\"https:\/\/novasantarosa.pr.gov.br\/cultura\/wp-content\/uploads\/2026\/03\/WhatsApp-Image-2026-03-19-at-17.02.54-1-150x150.jpeg\" class=\"attachment-thumbnail size-thumbnail\" alt=\"\" \/><\/a>\n\t\t\t<\/div><\/figure><figure class='gallery-item'>\n\t\t\t<div class='gallery-icon portrait'>\n\t\t\t\t<a href='https:\/\/novasantarosa.pr.gov.br\/cultura\/noticias\/aconteceu-na-cultura\/iv-conferencia-municipal-de-cultura-5\/attachment\/whatsapp-image-2026-03-19-at-17-02-54\/'><img loading=\"lazy\" decoding=\"async\" width=\"150\" height=\"150\" src=\"https:\/\/novasantarosa.pr.gov.br\/cultura\/wp-content\/uploads\/2026\/03\/WhatsApp-Image-2026-03-19-at-17.02.54-150x150.jpeg\" class=\"attachment-thumbnail size-thumbnail\" alt=\"\" \/><\/a>\n\t\t\t<\/div><\/figure><figure class='gallery-item'>\n\t\t\t<div class='gallery-icon portrait'>\n\t\t\t\t<a href='https:\/\/novasantarosa.pr.gov.br\/cultura\/noticias\/aconteceu-na-cultura\/iv-conferencia-municipal-de-cultura-5\/attachment\/whatsapp-image-2026-03-19-at-17-02-53-3\/'><img loading=\"lazy\" decoding=\"async\" width=\"150\" height=\"150\" src=\"https:\/\/novasantarosa.pr.gov.br\/cultura\/wp-content\/uploads\/2026\/03\/WhatsApp-Image-2026-03-19-at-17.02.53-3-150x150.jpeg\" class=\"attachment-thumbnail size-thumbnail\" alt=\"\" \/><\/a>\n\t\t\t<\/div><\/figure><figure class='gallery-item'>\n\t\t\t<div class='gallery-icon portrait'>\n\t\t\t\t<a href='https:\/\/novasantarosa.pr.gov.br\/cultura\/noticias\/aconteceu-na-cultura\/iv-conferencia-municipal-de-cultura-5\/attachment\/whatsapp-image-2026-03-19-at-17-02-53-2\/'><img loading=\"lazy\" decoding=\"async\" width=\"150\" height=\"150\" src=\"https:\/\/novasantarosa.pr.gov.br\/cultura\/wp-content\/uploads\/2026\/03\/WhatsApp-Image-2026-03-19-at-17.02.53-2-150x150.jpeg\" class=\"attachment-thumbnail size-thumbnail\" alt=\"\" \/><\/a>\n\t\t\t<\/div><\/figure><figure class='gallery-item'>\n\t\t\t<div class='gallery-icon portrait'>\n\t\t\t\t<a href='https:\/\/novasantarosa.pr.gov.br\/cultura\/noticias\/aconteceu-na-cultura\/iv-conferencia-municipal-de-cultura-5\/attachment\/whatsapp-image-2026-03-19-at-17-02-53-1\/'><img loading=\"lazy\" decoding=\"async\" width=\"150\" height=\"150\" src=\"https:\/\/novasantarosa.pr.gov.br\/cultura\/wp-content\/uploads\/2026\/03\/WhatsApp-Image-2026-03-19-at-17.02.53-1-150x150.jpeg\" class=\"attachment-thumbnail size-thumbnail\" alt=\"\" \/><\/a>\n\t\t\t<\/div><\/figure><figure class='gallery-item'>\n\t\t\t<div class='gallery-icon portrait'>\n\t\t\t\t<a href='https:\/\/novasantarosa.pr.gov.br\/cultura\/noticias\/aconteceu-na-cultura\/iv-conferencia-municipal-de-cultura-5\/attachment\/whatsapp-image-2026-03-19-at-17-02-53\/'><img loading=\"lazy\" decoding=\"async\" width=\"150\" height=\"150\" src=\"https:\/\/novasantarosa.pr.gov.br\/cultura\/wp-content\/uploads\/2026\/03\/WhatsApp-Image-2026-03-19-at-17.02.53-150x150.jpeg\" class=\"attachment-thumbnail size-thumbnail\" alt=\"\" \/><\/a>\n\t\t\t<\/div><\/figure>\n\t\t<\/div>\n\n<p>aconteceu ontem e marcou um momento fundamental para o fortalecimento e planejamento das pol\u00edticas culturais de Nova Santa Rosa.<\/p>\n<p>Em constru\u00e7\u00e3o coletiva foram debatidos caminhos, ideias e prioridades que ir\u00e3o nortear os rumos da cultura no munic\u00edpio nos pr\u00f3ximos anos.<\/p>\n<p>Durante a confer\u00eancia, tamb\u00e9m foi realizada a escolha da nova composi\u00e7\u00e3o do Conselho Municipal de Pol\u00edticas Culturais, refor\u00e7ando o compromisso com a representatividade e a participa\u00e7\u00e3o da comunidade nas decis\u00f5es culturais.<\/p>\n<p>Seguimos juntos, construindo uma cultura cada vez mais forte, diversa e participativa!<\/p>\n","protected":false},"excerpt":{"rendered":"<p>A aconteceu ontem e marcou um momento fundamental para o fortalecimento e planejamento das pol\u00edticas culturais de Nova Santa Rosa. Em constru\u00e7\u00e3o coletiva foram debatidos caminhos, ideias e prioridades que [&hellip;]<\/p>\n","protected":false},"author":3,"featured_media":3201,"comment_status":"closed","ping_status":"closed","sticky":false,"template":"","format":"standard","meta":{"tdm_status":"","tdm_grid_status":"","footnotes":""},"categories":[203],"tags":[],"class_list":["post-3187","post","type-post","status-publish","format-standard","has-post-thumbnail","category-aconteceu-na-cultura"],"_links":{"self":[{"href":"https:\/\/novasantarosa.pr.gov.br\/cultura\/wp-json\/wp\/v2\/posts\/3187","targetHints":{"allow":["GET"]}}],"collection":[{"href":"https:\/\/novasantarosa.pr.gov.br\/cultura\/wp-json\/wp\/v2\/posts"}],"about":[{"href":"https:\/\/novasantarosa.pr.gov.br\/cultura\/wp-json\/wp\/v2\/types\/post"}],"author":[{"embeddable":true,"href":"https:\/\/novasantarosa.pr.gov.br\/cultura\/wp-json\/wp\/v2\/users\/3"}],"replies":[{"embeddable":true,"href":"https:\/\/novasantarosa.pr.gov.br\/cultura\/wp-json\/wp\/v2\/comments?post=3187"}],"version-history":[{"count":3,"href":"https:\/\/novasantarosa.pr.gov.br\/cultura\/wp-json\/wp\/v2\/posts\/3187\/revisions"}],"predecessor-version":[{"id":3200,"href":"https:\/\/novasantarosa.pr.gov.br\/cultura\/wp-json\/wp\/v2\/posts\/3187\/revisions\/3200"}],"wp:featuredmedia":[{"embeddable":true,"href":"https:\/\/novasantarosa.pr.gov.br\/cultura\/wp-json\/wp\/v2\/media\/3201"}],"wp:attachment":[{"href":"https:\/\/novasantarosa.pr.gov.br\/cultura\/wp-json\/wp\/v2\/media?parent=3187"}],"wp:term":[{"taxonomy":"category","embeddable":true,"href":"https:\/\/novasantarosa.pr.gov.br\/cultura\/wp-json\/wp\/v2\/categories?post=3187"},{"taxonomy":"post_tag","embeddable":true,"href":"https:\/\/novasantarosa.pr.gov.br\/cultura\/wp-json\/wp\/v2\/tags?post=3187"}],"curies":[{"name":"wp","href":"https:\/\/api.w.org\/{rel}","templated":true}]}}