{"id":3279,"date":"2026-04-08T14:32:03","date_gmt":"2026-04-08T17:32:03","guid":{"rendered":"https:\/\/novasantarosa.pr.gov.br\/cultura\/?p=3279"},"modified":"2026-04-14T14:34:03","modified_gmt":"2026-04-14T17:34:03","slug":"estacao-cultura","status":"publish","type":"post","link":"https:\/\/novasantarosa.pr.gov.br\/cultura\/noticias\/aconteceu-na-cultura\/estacao-cultura\/","title":{"rendered":"EST\u00c1 DECIDIDO O NOME DO NOVO ESPA\u00c7O DA CULTURA"},"content":{"rendered":"<div style=\"width: 696px;\" class=\"wp-video\"><video class=\"wp-video-shortcode\" id=\"video-3279-1\" width=\"696\" height=\"1237\" poster=\"https:\/\/novasantarosa.pr.gov.br\/cultura\/wp-content\/uploads\/2026\/01\/CULTURA-2026-scaled.png\" preload=\"metadata\" controls=\"controls\"><source type=\"video\/mp4\" src=\"https:\/\/novasantarosa.pr.gov.br\/cultura\/wp-content\/uploads\/2026\/01\/snapinsta.com_.br-69de77831663b.mp4?_=1\" \/><a href=\"https:\/\/novasantarosa.pr.gov.br\/cultura\/wp-content\/uploads\/2026\/01\/snapinsta.com_.br-69de77831663b.mp4\">https:\/\/novasantarosa.pr.gov.br\/cultura\/wp-content\/uploads\/2026\/01\/snapinsta.com_.br-69de77831663b.mp4<\/a><\/video><\/div>\n<h1><\/h1>\n<h1>Voc\u00eas escolheram e agora o novo Espa\u00e7o da Cultura de Nova Santa Rosa tem nome :<\/h1>\n<h1><strong>ESTA\u00c7\u00c3O CULTURA<\/strong><\/h1>\n<h1>A <strong>Esta\u00e7\u00e3o Cultura<\/strong> chega para ser palco de encontros, oficinas, aprendizado e muita inspira\u00e7\u00e3o.<\/h1>\n<h1>\ud83d\udccdESTA\u00c7\u00c3O CULTURA , em frente ao Teatro Municipal .<\/h1>\n","protected":false},"excerpt":{"rendered":"<p>Voc\u00eas escolheram e agora o novo Espa\u00e7o da Cultura de Nova Santa Rosa tem nome : ESTA\u00c7\u00c3O CULTURA A Esta\u00e7\u00e3o Cultura chega para ser palco de encontros, oficinas, aprendizado e [&hellip;]<\/p>\n","protected":false},"author":3,"featured_media":3275,"comment_status":"closed","ping_status":"closed","sticky":false,"template":"","format":"standard","meta":{"tdm_status":"","tdm_grid_status":"","footnotes":""},"categories":[203],"tags":[],"class_list":["post-3279","post","type-post","status-publish","format-standard","has-post-thumbnail","category-aconteceu-na-cultura"],"_links":{"self":[{"href":"https:\/\/novasantarosa.pr.gov.br\/cultura\/wp-json\/wp\/v2\/posts\/3279","targetHints":{"allow":["GET"]}}],"collection":[{"href":"https:\/\/novasantarosa.pr.gov.br\/cultura\/wp-json\/wp\/v2\/posts"}],"about":[{"href":"https:\/\/novasantarosa.pr.gov.br\/cultura\/wp-json\/wp\/v2\/types\/post"}],"author":[{"embeddable":true,"href":"https:\/\/novasantarosa.pr.gov.br\/cultura\/wp-json\/wp\/v2\/users\/3"}],"replies":[{"embeddable":true,"href":"https:\/\/novasantarosa.pr.gov.br\/cultura\/wp-json\/wp\/v2\/comments?post=3279"}],"version-history":[{"count":2,"href":"https:\/\/novasantarosa.pr.gov.br\/cultura\/wp-json\/wp\/v2\/posts\/3279\/revisions"}],"predecessor-version":[{"id":3281,"href":"https:\/\/novasantarosa.pr.gov.br\/cultura\/wp-json\/wp\/v2\/posts\/3279\/revisions\/3281"}],"wp:featuredmedia":[{"embeddable":true,"href":"https:\/\/novasantarosa.pr.gov.br\/cultura\/wp-json\/wp\/v2\/media\/3275"}],"wp:attachment":[{"href":"https:\/\/novasantarosa.pr.gov.br\/cultura\/wp-json\/wp\/v2\/media?parent=3279"}],"wp:term":[{"taxonomy":"category","embeddable":true,"href":"https:\/\/novasantarosa.pr.gov.br\/cultura\/wp-json\/wp\/v2\/categories?post=3279"},{"taxonomy":"post_tag","embeddable":true,"href":"https:\/\/novasantarosa.pr.gov.br\/cultura\/wp-json\/wp\/v2\/tags?post=3279"}],"curies":[{"name":"wp","href":"https:\/\/api.w.org\/{rel}","templated":true}]}}